{"id":12058,"date":"2024-07-14T12:39:23","date_gmt":"2024-07-14T12:39:23","guid":{"rendered":"https:\/\/torino2024.equipes-notre-dame.com\/?p=12058"},"modified":"2024-07-14T12:39:23","modified_gmt":"2024-07-14T12:39:23","slug":"saints-et-prophetes-sociaux-de-turin-le-spectacle","status":"publish","type":"post","link":"https:\/\/torino2024.equipes-notre-dame.com\/fr\/saints-et-prophetes-sociaux-de-turin-le-spectacle\/","title":{"rendered":"\u201cSAINTS ET PROPH\u00c8TES SOCIAUX DE TURIN\u201d, LE SPECTACLE"},"content":{"rendered":"<p><div class=\"fusion-fullwidth fullwidth-box fusion-builder-row-1 fusion-flex-container nonhundred-percent-fullwidth non-hundred-percent-height-scrolling\" style=\"--awb-border-radius-top-left:0px;--awb-border-radius-top-right:0px;--awb-border-radius-bottom-right:0px;--awb-border-radius-bottom-left:0px;\" ><div class=\"fusion-builder-row fusion-row fusion-flex-align-items-flex-start\" style=\"max-width:1331.2px;margin-left: calc(-4% \/ 2 );margin-right: calc(-4% \/ 2 );\"><div class=\"fusion-layout-column fusion_builder_column fusion-builder-column-0 fusion_builder_column_1_1 1_1 fusion-flex-column\" style=\"--awb-bg-blend:overlay;--awb-bg-size:cover;--awb-width-large:100%;--awb-margin-top-large:0px;--awb-spacing-right-large:1.92%;--awb-margin-bottom-large:0px;--awb-spacing-left-large:1.92%;--awb-width-medium:100%;--awb-spacing-right-medium:1.92%;--awb-spacing-left-medium:1.92%;--awb-width-small:100%;--awb-spacing-right-small:1.92%;--awb-spacing-left-small:1.92%;\"><div class=\"fusion-column-wrapper fusion-flex-justify-content-flex-start fusion-content-layout-column\"><div class=\"fusion-text fusion-text-1\" style=\"--awb-content-alignment:center;\"><p style=\"text-align: left;\"><span style=\"font-weight: 400;\">Mardi 16 et mercredi 17, \u00e0 l&rsquo;Inalpi Arena, <\/span><b>le spectacle \u00ab\u00a0Santi e Profeti sociali di Torino\u00a0\u00bb <\/b><span style=\"font-weight: 400;\">(Saints et Proph\u00e8tes sociaux de Turin) sera mis en sc\u00e8ne, \u00e9crit, dirig\u00e9 et interpr\u00e9t\u00e9 par des \u00e9quipiers turinois. Nous leur avons demand\u00e9 de nous parler de ce spectacle.<\/span><\/p>\n<p style=\"text-align: left;\"><span style=\"font-weight: 400;\">Turin et ses saints et proph\u00e8tes sociaux. Deux r\u00e9alit\u00e9s indissociables : sans l&rsquo;une, on ne peut pas comprendre l&rsquo;autre.<br \/>\nMais qui sont ces personnages qui ont marqu\u00e9 et marquent encore l&rsquo;identit\u00e9 de cette ville ?<br \/>\nCe sont des personnes qui, anticipant la pens\u00e9e du pape Fran\u00e7ois, ont compris que la foi n&rsquo;est pas seulement une affaire personnelle visant \u00e0 pr\u00e9parer son \u00e2me pour le ciel, mais qu&rsquo;elle est authentique dans la mesure o\u00f9 elle implique un profond d\u00e9sir de changer le monde.<br \/>\nCe sont des personnes qui ont regard\u00e9 la r\u00e9alit\u00e9 dans laquelle ils vivaient et vivent avec des yeux diff\u00e9rents, avec des lunettes qui leur ont permis de voir ce dont leurs fr\u00e8res et s\u0153urs avaient besoin et qui n&rsquo;\u00e9tait rien d&rsquo;autre que le regard avec lequel Dieu regarde le monde et chacun d&rsquo;entre nous.<br \/>\nCe sont des personnes qui, au-del\u00e0 de l&rsquo;\u00e9poque dans laquelle elles ont v\u00e9cu et vivent encore aujourd&rsquo;hui, continuent \u00e0 nous interroger, en nous demandant si nous avons nous aussi le courage de mettre les m\u00eames lunettes, les lunettes de Dieu.<br \/>\nIl s&rsquo;agit de Don Bosco, Don Giuseppe Cottolengo, Giulia et Manfredi Di Barolo, Pier Giorgio Frassati, Don Luigi Ciotti et Ernesto Olivero.<\/span><\/p>\n<p style=\"text-align: left;\"><span style=\"font-weight: 400;\">Laura Montagna, Stefano Ronchi, Maurilia Gilodi, Renato Sarica, Fulvia Berruti, Nicola Sardi<\/span><\/p>\n<div class=\"video-shortcode\"><iframe title=\"Santi e Profeti Sociali a Torino - Il racconto\" width=\"1280\" height=\"720\" src=\"https:\/\/www.youtube.com\/embed\/PYUjTafQ11E?feature=oembed\" frameborder=\"0\" allow=\"accelerometer; autoplay; clipboard-write; encrypted-media; gyroscope; picture-in-picture; web-share\" referrerpolicy=\"strict-origin-when-cross-origin\" allowfullscreen><\/iframe><\/div>\n<\/div><\/div><\/div><\/div><\/div><div class=\"fusion-fullwidth fullwidth-box fusion-builder-row-2 fusion-flex-container nonhundred-percent-fullwidth non-hundred-percent-height-scrolling\" style=\"--awb-border-radius-top-left:0px;--awb-border-radius-top-right:0px;--awb-border-radius-bottom-right:0px;--awb-border-radius-bottom-left:0px;\" ><div class=\"fusion-builder-row fusion-row fusion-flex-align-items-flex-start\" style=\"max-width:1331.2px;margin-left: calc(-4% \/ 2 );margin-right: calc(-4% \/ 2 );\"><\/div><\/div><\/p>\n","protected":false},"excerpt":{"rendered":"","protected":false},"author":5,"featured_media":12049,"comment_status":"closed","ping_status":"closed","sticky":false,"template":"","format":"standard","meta":{"_acf_changed":false,"footnotes":""},"categories":[80],"tags":[],"evidenza":[],"giorno":[],"class_list":["post-12058","post","type-post","status-publish","format-standard","has-post-thumbnail","hentry","category-actualites"],"acf":[],"_links":{"self":[{"href":"https:\/\/torino2024.equipes-notre-dame.com\/fr\/wp-json\/wp\/v2\/posts\/12058","targetHints":{"allow":["GET"]}}],"collection":[{"href":"https:\/\/torino2024.equipes-notre-dame.com\/fr\/wp-json\/wp\/v2\/posts"}],"about":[{"href":"https:\/\/torino2024.equipes-notre-dame.com\/fr\/wp-json\/wp\/v2\/types\/post"}],"author":[{"embeddable":true,"href":"https:\/\/torino2024.equipes-notre-dame.com\/fr\/wp-json\/wp\/v2\/users\/5"}],"replies":[{"embeddable":true,"href":"https:\/\/torino2024.equipes-notre-dame.com\/fr\/wp-json\/wp\/v2\/comments?post=12058"}],"version-history":[{"count":2,"href":"https:\/\/torino2024.equipes-notre-dame.com\/fr\/wp-json\/wp\/v2\/posts\/12058\/revisions"}],"predecessor-version":[{"id":12064,"href":"https:\/\/torino2024.equipes-notre-dame.com\/fr\/wp-json\/wp\/v2\/posts\/12058\/revisions\/12064"}],"wp:featuredmedia":[{"embeddable":true,"href":"https:\/\/torino2024.equipes-notre-dame.com\/fr\/wp-json\/wp\/v2\/media\/12049"}],"wp:attachment":[{"href":"https:\/\/torino2024.equipes-notre-dame.com\/fr\/wp-json\/wp\/v2\/media?parent=12058"}],"wp:term":[{"taxonomy":"category","embeddable":true,"href":"https:\/\/torino2024.equipes-notre-dame.com\/fr\/wp-json\/wp\/v2\/categories?post=12058"},{"taxonomy":"post_tag","embeddable":true,"href":"https:\/\/torino2024.equipes-notre-dame.com\/fr\/wp-json\/wp\/v2\/tags?post=12058"},{"taxonomy":"evidenza","embeddable":true,"href":"https:\/\/torino2024.equipes-notre-dame.com\/fr\/wp-json\/wp\/v2\/evidenza?post=12058"},{"taxonomy":"giorno","embeddable":true,"href":"https:\/\/torino2024.equipes-notre-dame.com\/fr\/wp-json\/wp\/v2\/giorno?post=12058"}],"curies":[{"name":"wp","href":"https:\/\/api.w.org\/{rel}","templated":true}]}}