{"id":4000,"date":"2023-11-15T10:01:19","date_gmt":"2023-11-15T10:01:19","guid":{"rendered":"https:\/\/torino2024.equipes-notre-dame.com\/equipistas-a-caminho-do-colle-don-bosco-para-turim-para-o-encontro-internacional\/"},"modified":"2023-12-21T13:27:44","modified_gmt":"2023-12-21T13:27:44","slug":"equipistas-a-caminho-do-colle-don-bosco-para-turim-para-o-encontro-internacional","status":"publish","type":"post","link":"https:\/\/torino2024.equipes-notre-dame.com\/pt-pt\/equipistas-a-caminho-do-colle-don-bosco-para-turim-para-o-encontro-internacional\/","title":{"rendered":"Equipistas a caminho do Colle Don Bosco para Turim, para o encontro internacional"},"content":{"rendered":"<div class=\"fusion-fullwidth fullwidth-box fusion-builder-row-1 fusion-flex-container nonhundred-percent-fullwidth non-hundred-percent-height-scrolling\" style=\"--awb-border-radius-top-left:0px;--awb-border-radius-top-right:0px;--awb-border-radius-bottom-right:0px;--awb-border-radius-bottom-left:0px;\" ><div class=\"fusion-builder-row fusion-row fusion-flex-align-items-flex-start\" style=\"max-width:1331.2px;margin-left: calc(-4% \/ 2 );margin-right: calc(-4% \/ 2 );\"><div class=\"fusion-layout-column fusion_builder_column fusion-builder-column-0 fusion_builder_column_1_1 1_1 fusion-flex-column\" style=\"--awb-bg-blend:overlay;--awb-bg-size:cover;--awb-width-large:100%;--awb-margin-top-large:0px;--awb-spacing-right-large:1.92%;--awb-margin-bottom-large:0px;--awb-spacing-left-large:1.92%;--awb-width-medium:100%;--awb-spacing-right-medium:1.92%;--awb-spacing-left-medium:1.92%;--awb-width-small:100%;--awb-spacing-right-small:1.92%;--awb-spacing-left-small:1.92%;\"><div class=\"fusion-column-wrapper fusion-flex-justify-content-flex-start fusion-content-layout-column\"><div class=\"fusion-text fusion-text-1\"><p style=\"font-weight: 400;\"><span style=\"font-family: var(--awb-text-font-family); font-size: var(--awb-font-size); font-style: var(--awb-text-font-style); letter-spacing: var(--awb-letter-spacing); text-align: var(--awb-content-alignment); text-transform: var(--awb-text-transform);\">Um grupo de equipistas piemonteses decidiu preceder este evento com uma peregrina\u00e7\u00e3o a p\u00e9, como sinal de solidariedade com todo o povo de Deus, de ora\u00e7\u00e3o sobre o sentido da viagem, de compromisso e de reflex\u00e3o pela Paz. Esta peregrina\u00e7\u00e3o realizar-se-\u00e1 de sexta- feira, 12 de julho de 2024, a segunda-feira, 15 de julho de 2024, \u201cCaminho de Dom Bosco\u201d, um itiner\u00e1rio recentemente redesenhado que toca as principais etapas da espiritualidade salesiana, em perfeita sintonia com as propostas que encontrareis no Encontro. O percurso partir\u00e1 do Colle Don Bosco, terra natal de S\u00e3o Jo\u00e3o Bosco, e terminar\u00e1 em Turim, no Pala Alpitour, onde se realizar\u00e1 o Encontro Internacional. A t\u00edtulo indicativo, as etapas ser\u00e3o de cerca 20 km por dia, com este esquema:   <\/span><\/p>\n<p style=\"font-weight: 400;\"><strong>Sexta-feira, 12 de julho<\/strong>, ao fim da tarde, encontro na esta\u00e7\u00e3o de Turim Porta Nuova e transfer\u00eancia de autocarro para o Santu\u00e1rio de Colle Don Bosco<br \/>\n<strong>S\u00e1bado, 13 de julho<\/strong>, primeira etapa: Colle Don Bosco &#8211; Chieri<br \/>\n<strong>Domingo, 14 de julho<\/strong>, segunda etapa: Chieri &#8211; Baldissero Torinese<br \/>\n<strong>Segunda-feira, 15 de julho<\/strong>, terceira etapa: Baldissero Torinese (Superga) &#8211; Turim (Pala Alpitour)<\/p>\n<p>A proposta est\u00e1 aberta a todos os membros da equipa que gostem de caminhar no esp\u00edrito da peregrina\u00e7\u00e3o. A organiza\u00e7\u00e3o assegurar\u00e1 o alojamento e a alimenta\u00e7\u00e3o num alojamento espartano (tipo albergue), no esp\u00edrito dos Caminhos Espirituais. Mais informa\u00e7\u00f5es log\u00edsticas ser\u00e3o fornecidas posteriormente. O custo ser\u00e1 de cerca 150 euros por pessoa, com tudo inclu\u00eddo. As inscri\u00e7\u00f5es ser\u00e3o encerradas quando for atingido o n\u00famero de 40 participantes individuais.    <\/p>\n<p>Se estiver interessado, por favor preencha o formul\u00e1rio de inscri\u00e7\u00e3o neste link: Formul\u00e1rio de inscri\u00e7\u00e3o <a href=\"https:\/\/docs.google.com\/forms\/d\/e\/1FAIpQLScCfkU842DAA5Jav5eeYYcqpQUEgGfy-f4l6RHleSXR4oGBBg\/viewform\" target=\"_blank\" rel=\"noopener\">https:\/\/docs.google.com\/forms\/d\/e\/1FAIpQLScCfkU842DAA5Jav5eeYYcqpQUEgGfy-f4l6RHleSXR4oGBBg\/viewform<\/a><\/p>\n<\/div><\/div><\/div><\/div><\/div>\n","protected":false},"excerpt":{"rendered":"","protected":false},"author":7,"featured_media":3947,"comment_status":"closed","ping_status":"closed","sticky":false,"template":"","format":"standard","meta":{"_acf_changed":false,"footnotes":""},"categories":[82],"tags":[],"evidenza":[],"giorno":[],"class_list":["post-4000","post","type-post","status-publish","format-standard","has-post-thumbnail","hentry","category-noticias-pt-pt"],"acf":[],"_links":{"self":[{"href":"https:\/\/torino2024.equipes-notre-dame.com\/pt-pt\/wp-json\/wp\/v2\/posts\/4000","targetHints":{"allow":["GET"]}}],"collection":[{"href":"https:\/\/torino2024.equipes-notre-dame.com\/pt-pt\/wp-json\/wp\/v2\/posts"}],"about":[{"href":"https:\/\/torino2024.equipes-notre-dame.com\/pt-pt\/wp-json\/wp\/v2\/types\/post"}],"author":[{"embeddable":true,"href":"https:\/\/torino2024.equipes-notre-dame.com\/pt-pt\/wp-json\/wp\/v2\/users\/7"}],"replies":[{"embeddable":true,"href":"https:\/\/torino2024.equipes-notre-dame.com\/pt-pt\/wp-json\/wp\/v2\/comments?post=4000"}],"version-history":[{"count":6,"href":"https:\/\/torino2024.equipes-notre-dame.com\/pt-pt\/wp-json\/wp\/v2\/posts\/4000\/revisions"}],"predecessor-version":[{"id":4329,"href":"https:\/\/torino2024.equipes-notre-dame.com\/pt-pt\/wp-json\/wp\/v2\/posts\/4000\/revisions\/4329"}],"wp:featuredmedia":[{"embeddable":true,"href":"https:\/\/torino2024.equipes-notre-dame.com\/pt-pt\/wp-json\/wp\/v2\/media\/3947"}],"wp:attachment":[{"href":"https:\/\/torino2024.equipes-notre-dame.com\/pt-pt\/wp-json\/wp\/v2\/media?parent=4000"}],"wp:term":[{"taxonomy":"category","embeddable":true,"href":"https:\/\/torino2024.equipes-notre-dame.com\/pt-pt\/wp-json\/wp\/v2\/categories?post=4000"},{"taxonomy":"post_tag","embeddable":true,"href":"https:\/\/torino2024.equipes-notre-dame.com\/pt-pt\/wp-json\/wp\/v2\/tags?post=4000"},{"taxonomy":"evidenza","embeddable":true,"href":"https:\/\/torino2024.equipes-notre-dame.com\/pt-pt\/wp-json\/wp\/v2\/evidenza?post=4000"},{"taxonomy":"giorno","embeddable":true,"href":"https:\/\/torino2024.equipes-notre-dame.com\/pt-pt\/wp-json\/wp\/v2\/giorno?post=4000"}],"curies":[{"name":"wp","href":"https:\/\/api.w.org\/{rel}","templated":true}]}}