{"id":5652,"date":"2024-04-04T11:17:27","date_gmt":"2024-04-04T11:17:27","guid":{"rendered":"https:\/\/torino2024.equipes-notre-dame.com\/supper-at-emmaus-oil-on-canvas-caravaggio\/"},"modified":"2024-04-04T11:30:06","modified_gmt":"2024-04-04T11:30:06","slug":"ceia-em-emaus-oleo-sobre-tela-caravaggio","status":"publish","type":"post","link":"https:\/\/torino2024.equipes-notre-dame.com\/pt-pt\/ceia-em-emaus-oleo-sobre-tela-caravaggio\/","title":{"rendered":"Ceia em Ema\u00fas, \u00f3leo sobre tela, Caravaggio"},"content":{"rendered":"<div class=\"fusion-fullwidth fullwidth-box fusion-builder-row-1 fusion-flex-container nonhundred-percent-fullwidth non-hundred-percent-height-scrolling\" style=\"--awb-border-radius-top-left:0px;--awb-border-radius-top-right:0px;--awb-border-radius-bottom-right:0px;--awb-border-radius-bottom-left:0px;\" ><div class=\"fusion-builder-row fusion-row fusion-flex-align-items-flex-start\" style=\"max-width:1331.2px;margin-left: calc(-4% \/ 2 );margin-right: calc(-4% \/ 2 );\"><div class=\"fusion-layout-column fusion_builder_column fusion-builder-column-0 fusion_builder_column_1_2 1_2 fusion-flex-column\" style=\"--awb-bg-blend:overlay;--awb-bg-size:cover;--awb-width-large:50%;--awb-margin-top-large:0px;--awb-spacing-right-large:3.84%;--awb-margin-bottom-large:0px;--awb-spacing-left-large:3.84%;--awb-width-medium:100%;--awb-spacing-right-medium:1.92%;--awb-spacing-left-medium:1.92%;--awb-width-small:100%;--awb-spacing-right-small:1.92%;--awb-spacing-left-small:1.92%;\"><div class=\"fusion-column-wrapper fusion-flex-justify-content-flex-start fusion-content-layout-column\"><div class=\"fusion-text fusion-text-1\"><p><span style=\"font-weight: 400;\">Ceia em Ema\u00fas, \u00f3leo sobre tela, 141 por 175 cm<\/span><\/p>\n<p><span style=\"font-weight: 400;\">Michelangelo Merisi da Caravaggio, conhecido como Caravaggio<\/span><\/p>\n<p><span style=\"font-weight: 400;\">1606, Mil\u00e3o, Galeria de Arte de Brera<\/span><\/p>\n<p><span style=\"font-weight: 400;\">Quando Caravaggio pintou a obra Ceia de Ema\u00fas, encontrava-se em fuga de Roma para N\u00e1poles, acolhido na propriedade dos pr\u00edncipes Colonna. Tinham passado cerca de dois meses desde a rixa em que ficara ferido e em que matara um homem. Agora, \u00e9 um criminoso condenado em fuga e tem de deixar para tr\u00e1s a fama, a notoriedade e as encomendas de prest\u00edgio. Traz tamb\u00e9m consigo uma profunda inquieta\u00e7\u00e3o, de tal forma que se v\u00ea repetidamente envolvido em lutas, ferimentos, escaramu\u00e7as noturnas e processos judiciais.<\/span><\/p>\n<p><span style=\"font-weight: 400;\">Caravaggio regressa a um tema que j\u00e1 tinha experimentado quatro anos antes (Ceia de Ema\u00fas, Londres, National Gallery), mas agora o tom tornou-se mais \u00edntimo, a composi\u00e7\u00e3o essencial, os tons cor de terra, quase monocrom\u00e1ticos, numa escala de tonalidades que vai do marfim ao ocre. Num espa\u00e7o vazio, envolto pela escurid\u00e3o, surgem cinco personagens, tr\u00eas das quais est\u00e3o sentadas \u00e0 volta de uma pequena mesa coberta por uma toalha de cor clara, sobre a qual est\u00e3o colocados dois p\u00e3es, dois pratos e um jarro. Uma luz exterior ilumina e quase atinge os objetos e os rostos das personagens, provocando efeitos de sombra.<\/span><\/p>\n<p><span style=\"font-weight: 400;\">Caravaggio opta por representar o momento em que Cristo, aben\u00e7oando e partindo o p\u00e3o, \u00e9 reconhecido pelos dois disc\u00edpulos. \u00c9 interessante notar que o disc\u00edpulo da esquerda, atr\u00e1s do qual estamos idealmente colocados, n\u00e3o \u00e9 reconhec\u00edvel, mas o seu espanto, admira\u00e7\u00e3o e alegria s\u00e3o transmitidos pela sua m\u00e3o aberta estendida para Jesus. O outro disc\u00edpulo, de perfil, apoia as m\u00e3os sobre a mesa e estende a m\u00e3o para o Senhor, como se o interrogasse. As rugas e o rosto queimado pelo sol falam-nos n\u00e3o s\u00f3 do cansa\u00e7o do seu viver mas tamb\u00e9m do espanto de um encontro capaz de inverter as perspectivas e dar um novo impulso \u00e0 exist\u00eancia.<\/span><\/p>\n<p><span style=\"font-weight: 400;\">As duas personagens que est\u00e3o de p\u00e9, ao lado de Jesus n\u00e3o aparecem no relato evang\u00e9lico, mas, para al\u00e9m dos seus pap\u00e9is de estalajadeiro e de criada, que tornam a cena mais realista, representam o modo como se pode ou n\u00e3o entrar em contato com a salva\u00e7\u00e3o. O homem, de facto, observa perplexo os gestos do desconhecido no ato de aben\u00e7oar, n\u00e3o compreende o seu significado e interroga-se sobre o seu sentido, mas n\u00e3o desvia o olhar, procura estar presente, embora sem consci\u00eancia do que est\u00e1 a acontecer\u00a0 A mulher \u00e0 sua direita, provavelmente uma criada ocupada a servir um prato de carne, est\u00e1 fechada em si mesma e o seu olhar inexpressivo perde-se no vazio. O seu rosto cavado, enrugado, emaciado, mostra os sinais de uma humanidade dolorosa e ferida, que vive &#8220;\u00e0 margem&#8221; e que ainda n\u00e3o sabe que foi alcan\u00e7ada e salva pela feliz nova.<\/span><\/p>\n<p><span style=\"font-weight: 400;\">E n\u00f3s, por qual personagem nos sentimos representados?<\/span><\/p>\n<p><span style=\"font-weight: 400;\">Maria Teresa Lisa Gastaldi, Equipa Chieri 10<\/span><\/p>\n<\/div><\/div><\/div><div class=\"fusion-layout-column fusion_builder_column fusion-builder-column-1 fusion_builder_column_1_2 1_2 fusion-flex-column\" style=\"--awb-bg-size:cover;--awb-width-large:50%;--awb-margin-top-large:0px;--awb-spacing-right-large:3.84%;--awb-margin-bottom-large:0px;--awb-spacing-left-large:3.84%;--awb-width-medium:100%;--awb-order-medium:0;--awb-spacing-right-medium:1.92%;--awb-spacing-left-medium:1.92%;--awb-width-small:100%;--awb-order-small:0;--awb-spacing-right-small:1.92%;--awb-spacing-left-small:1.92%;\"><div class=\"fusion-column-wrapper fusion-column-has-shadow fusion-flex-justify-content-flex-start fusion-content-layout-column\"><div class=\"fusion-image-element \" style=\"--awb-caption-title-size:var(--h2_typography-font-size);--awb-caption-title-transform:var(--h2_typography-text-transform);--awb-caption-title-line-height:var(--h2_typography-line-height);--awb-caption-title-letter-spacing:var(--h2_typography-letter-spacing);\"><span class=\" fusion-imageframe imageframe-none imageframe-1 hover-type-none\"><img decoding=\"async\" width=\"2560\" height=\"2056\" alt=\"Cena in Emmaus, olio su tela, Caravaggio\" title=\"Supper_at_Emmaus-Caravaggio_(1606)\" src=\"https:\/\/torino2024.equipes-notre-dame.com\/wp-content\/uploads\/2024\/04\/Supper_at_Emmaus-Caravaggio_1606-scaled.jpg\" data-orig-src=\"https:\/\/torino2024.equipes-notre-dame.com\/wp-content\/uploads\/2024\/04\/Supper_at_Emmaus-Caravaggio_1606-scaled.jpg\" class=\"lazyload img-responsive wp-image-5641\" srcset=\"data:image\/svg+xml,%3Csvg%20xmlns%3D%27http%3A%2F%2Fwww.w3.org%2F2000%2Fsvg%27%20width%3D%272560%27%20height%3D%272056%27%20viewBox%3D%270%200%202560%202056%27%3E%3Crect%20width%3D%272560%27%20height%3D%272056%27%20fill-opacity%3D%220%22%2F%3E%3C%2Fsvg%3E\" data-srcset=\"https:\/\/torino2024.equipes-notre-dame.com\/wp-content\/uploads\/2024\/04\/Supper_at_Emmaus-Caravaggio_1606-200x161.jpg 200w, https:\/\/torino2024.equipes-notre-dame.com\/wp-content\/uploads\/2024\/04\/Supper_at_Emmaus-Caravaggio_1606-400x321.jpg 400w, https:\/\/torino2024.equipes-notre-dame.com\/wp-content\/uploads\/2024\/04\/Supper_at_Emmaus-Caravaggio_1606-600x482.jpg 600w, https:\/\/torino2024.equipes-notre-dame.com\/wp-content\/uploads\/2024\/04\/Supper_at_Emmaus-Caravaggio_1606-800x642.jpg 800w, https:\/\/torino2024.equipes-notre-dame.com\/wp-content\/uploads\/2024\/04\/Supper_at_Emmaus-Caravaggio_1606-1200x964.jpg 1200w, https:\/\/torino2024.equipes-notre-dame.com\/wp-content\/uploads\/2024\/04\/Supper_at_Emmaus-Caravaggio_1606-scaled.jpg 2560w\" data-sizes=\"auto\" data-orig-sizes=\"(max-width: 1024px) 100vw, (max-width: 640px) 100vw, 800px\" \/><\/span><\/div><div class=\"fusion-text fusion-text-2\"><p><span style=\"font-weight: 400;\">Ceia em Ema\u00fas, Caravaggio<\/span><\/p>\n<\/div><\/div><\/div><\/div><\/div>\n","protected":false},"excerpt":{"rendered":"","protected":false},"author":5,"featured_media":5641,"comment_status":"closed","ping_status":"closed","sticky":false,"template":"","format":"standard","meta":{"_acf_changed":false,"footnotes":""},"categories":[97,111],"tags":[],"evidenza":[],"giorno":[],"class_list":["post-5652","post","type-post","status-publish","format-standard","has-post-thumbnail","hentry","category-caminhadas-espirituais-na-arte","category-introspeccoes"],"acf":[],"_links":{"self":[{"href":"https:\/\/torino2024.equipes-notre-dame.com\/pt-pt\/wp-json\/wp\/v2\/posts\/5652","targetHints":{"allow":["GET"]}}],"collection":[{"href":"https:\/\/torino2024.equipes-notre-dame.com\/pt-pt\/wp-json\/wp\/v2\/posts"}],"about":[{"href":"https:\/\/torino2024.equipes-notre-dame.com\/pt-pt\/wp-json\/wp\/v2\/types\/post"}],"author":[{"embeddable":true,"href":"https:\/\/torino2024.equipes-notre-dame.com\/pt-pt\/wp-json\/wp\/v2\/users\/5"}],"replies":[{"embeddable":true,"href":"https:\/\/torino2024.equipes-notre-dame.com\/pt-pt\/wp-json\/wp\/v2\/comments?post=5652"}],"version-history":[{"count":3,"href":"https:\/\/torino2024.equipes-notre-dame.com\/pt-pt\/wp-json\/wp\/v2\/posts\/5652\/revisions"}],"predecessor-version":[{"id":5658,"href":"https:\/\/torino2024.equipes-notre-dame.com\/pt-pt\/wp-json\/wp\/v2\/posts\/5652\/revisions\/5658"}],"wp:featuredmedia":[{"embeddable":true,"href":"https:\/\/torino2024.equipes-notre-dame.com\/pt-pt\/wp-json\/wp\/v2\/media\/5641"}],"wp:attachment":[{"href":"https:\/\/torino2024.equipes-notre-dame.com\/pt-pt\/wp-json\/wp\/v2\/media?parent=5652"}],"wp:term":[{"taxonomy":"category","embeddable":true,"href":"https:\/\/torino2024.equipes-notre-dame.com\/pt-pt\/wp-json\/wp\/v2\/categories?post=5652"},{"taxonomy":"post_tag","embeddable":true,"href":"https:\/\/torino2024.equipes-notre-dame.com\/pt-pt\/wp-json\/wp\/v2\/tags?post=5652"},{"taxonomy":"evidenza","embeddable":true,"href":"https:\/\/torino2024.equipes-notre-dame.com\/pt-pt\/wp-json\/wp\/v2\/evidenza?post=5652"},{"taxonomy":"giorno","embeddable":true,"href":"https:\/\/torino2024.equipes-notre-dame.com\/pt-pt\/wp-json\/wp\/v2\/giorno?post=5652"}],"curies":[{"name":"wp","href":"https:\/\/api.w.org\/{rel}","templated":true}]}}