{"id":6262,"date":"2024-05-16T13:00:40","date_gmt":"2024-05-16T13:00:40","guid":{"rendered":"https:\/\/torino2024.equipes-notre-dame.com\/pier-giorgio-frassati-la-gioventu-beata\/"},"modified":"2024-05-16T13:19:59","modified_gmt":"2024-05-16T13:19:59","slug":"pier-giorgio-frassati-a-juventude-abencoada","status":"publish","type":"post","link":"https:\/\/torino2024.equipes-notre-dame.com\/pt-pt\/pier-giorgio-frassati-a-juventude-abencoada\/","title":{"rendered":"Pier Giorgio Frassati, a juventude aben\u00e7oada"},"content":{"rendered":"<p><span style=\"font-weight: 400;\">Morreu com 24 anos, a 4 de julho de 1925, v\u00edtima de uma poliomielite fulminante em cinco dias. Apaixonado pelas montanhas, Pier Giorgio fez a sua \u00faltima escalada apenas um m\u00eas antes de morrer e escreveu numa fotografia que tirou: &#8220;Em dire\u00e7\u00e3o ao topo&#8221;. Quase como se fosse um pressentimento do seu fim iminente ou talvez, mais simplesmente, uma ades\u00e3o ao convite de Jesus: &#8220;Duc in altum! (Lc 5,4). Filho de uma fam\u00edlia burguesa mais do que abastada &#8211; o pai, Alfredo, fundou o famoso jornal de Turim <\/span><i><span style=\"font-weight: 400;\">La Stampa<\/span><\/i><span style=\"font-weight: 400;\">, foi senador do Reino e embaixador na Alemanha &#8211; Pier Giorgio tinha tudo o que um jovem do seu tempo, e n\u00e3o s\u00f3, podia desejar: estatuto social, prosperidade econ\u00f3mica, beleza, vigor f\u00edsico que lhe permitia praticar outros desportos para al\u00e9m do alpinismo, como a equita\u00e7\u00e3o, a nata\u00e7\u00e3o e a esgrima, e um esp\u00edrito alegre e empreendedor, cheio de vida.<\/span><\/p>\n<p><span style=\"font-weight: 400;\">Em suma, Pier Giorgio ensina-nos que para agradar a Deus n\u00e3o \u00e9 necess\u00e1rio ter uma idade avan\u00e7ada nem sofrer sabe-se l\u00e1 que sacrif\u00edcios ou priva\u00e7\u00f5es. S\u00e3o Jo\u00e3o Paulo II, que j\u00e1 amava este jovem exuberante desde o tempo do seu minist\u00e9rio polaco, proclamou-o beato a 20 de maio de 1990 e quis que ele fosse proposto aos jovens como um exemplo de pleno testemunho crist\u00e3o. Chamava-lhe &#8220;o rapaz das bem-aventuran\u00e7as&#8221;, aludindo ao lado mais \u00edntimo e menos vis\u00edvel de Pier Giorgio, \u00e0quelas qualidades de esp\u00edrito e de a\u00e7\u00e3o que o tornavam bem-aventurado. De facto, ao lado do jovem que se dedicava a aventuras de alpinismo, havia um jovem que, em sil\u00eancio e \u00e0s escondidas, se aproximava dos doentes, dos mais pobres e dos mais necessitados, daqueles que encontrava na rua e daqueles que ia visitar tentando dar-lhes conforto, chegando mesmo a doar o pouco dinheiro que os pais lhe davam. A pobreza \u00e9 suja, esfarrapada, malcheirosa, e \u00e0queles que lhe perguntavam porque \u00e9 que ele, t\u00e3o abastado e bem vestido, frequentava certos lugares, respondia simplesmente: &#8220;Jesus visita-me todas as manh\u00e3s na comunh\u00e3o e eu retribuo-lhe da forma mais pobre que posso&#8221;. Terci\u00e1rio dominicano, empenhado de todo o cora\u00e7\u00e3o na Confer\u00eancia de S. Vicente de Paulo, na A\u00e7\u00e3o Cat\u00f3lica e noutras associa\u00e7\u00f5es, Pier Giorgio &#8220;caminhava com Cristo&#8221; a cada momento do dia, movido por uma f\u00e9 constante, apaixonada, vital, en\u00e9rgica. &#8220;Viver, n\u00e3o ir vivendo&#8221; era o seu lema e, com a for\u00e7a do seu entusiasmo, arrastava consigo outros jovens em iniciativas que tinham como base a amizade e a ora\u00e7\u00e3o. Cat\u00f3lico, nada conformista e submisso ao fascismo desenfreado, escreveu: &#8220;Mussolini faz asneiras e tenta encobrir os seus erros pondo o crucifixo nas escolas&#8221;. O socialista Filippo Turati escreveu sobre ele: &#8220;No meio do \u00f3dio, do orgulho e do esp\u00edrito de domina\u00e7\u00e3o e de presa, este &#8216;crist\u00e3o&#8217; que acredita, e trabalha como acredita, e fala como sente, e faz como fala, este &#8216;intransigente&#8217; da sua religi\u00e3o, \u00e9 tamb\u00e9m um modelo que pode ensinar alguma coisa a todos&#8221;.<\/span><\/p>\n<p><span style=\"font-weight: 400;\">No seu funeral, que fez lembrar a alguns dos presentes o de San Giovanni Bosco, estavam presentes, para al\u00e9m de numerosas personalidades, in\u00fameros desconhecidos, na sua maioria pobres que ele tinha ajudado. A tal ponto que o pai, perante tantos testemunhos de pessoas desconhecidas da fam\u00edlia, exclamou surpreendido e angustiado: &#8220;N\u00e3o conhe\u00e7o o meu filho!&#8221;.<\/span><\/p>\n<p><span style=\"font-weight: 400;\">Os restos mortais de Pier Giorgio repousam na catedral de Turim, numa capela que lhe \u00e9 dedicada. Mas o seu caminho para o alto continua: a Igreja, de facto, anunciou que no ano jubilar de 2025, Pier Giorgio Frassati ser\u00e1 proclamado santo!<\/span><\/p>\n","protected":false},"excerpt":{"rendered":"<p>Morreu com 24 anos, a 4 de julho de 1925, v\u00edtima de uma poliomielite fulminante em cinco dias. Apaixonado pelas montanhas, Pier [&hellip;]<\/p>\n","protected":false},"author":5,"featured_media":6257,"comment_status":"closed","ping_status":"closed","sticky":false,"template":"","format":"standard","meta":{"_acf_changed":false,"footnotes":""},"categories":[111,91],"tags":[],"evidenza":[],"giorno":[],"class_list":["post-6262","post","type-post","status-publish","format-standard","has-post-thumbnail","hentry","category-introspeccoes","category-santos-e-profetas-sociais"],"acf":[],"_links":{"self":[{"href":"https:\/\/torino2024.equipes-notre-dame.com\/pt-pt\/wp-json\/wp\/v2\/posts\/6262","targetHints":{"allow":["GET"]}}],"collection":[{"href":"https:\/\/torino2024.equipes-notre-dame.com\/pt-pt\/wp-json\/wp\/v2\/posts"}],"about":[{"href":"https:\/\/torino2024.equipes-notre-dame.com\/pt-pt\/wp-json\/wp\/v2\/types\/post"}],"author":[{"embeddable":true,"href":"https:\/\/torino2024.equipes-notre-dame.com\/pt-pt\/wp-json\/wp\/v2\/users\/5"}],"replies":[{"embeddable":true,"href":"https:\/\/torino2024.equipes-notre-dame.com\/pt-pt\/wp-json\/wp\/v2\/comments?post=6262"}],"version-history":[{"count":2,"href":"https:\/\/torino2024.equipes-notre-dame.com\/pt-pt\/wp-json\/wp\/v2\/posts\/6262\/revisions"}],"predecessor-version":[{"id":6268,"href":"https:\/\/torino2024.equipes-notre-dame.com\/pt-pt\/wp-json\/wp\/v2\/posts\/6262\/revisions\/6268"}],"wp:featuredmedia":[{"embeddable":true,"href":"https:\/\/torino2024.equipes-notre-dame.com\/pt-pt\/wp-json\/wp\/v2\/media\/6257"}],"wp:attachment":[{"href":"https:\/\/torino2024.equipes-notre-dame.com\/pt-pt\/wp-json\/wp\/v2\/media?parent=6262"}],"wp:term":[{"taxonomy":"category","embeddable":true,"href":"https:\/\/torino2024.equipes-notre-dame.com\/pt-pt\/wp-json\/wp\/v2\/categories?post=6262"},{"taxonomy":"post_tag","embeddable":true,"href":"https:\/\/torino2024.equipes-notre-dame.com\/pt-pt\/wp-json\/wp\/v2\/tags?post=6262"},{"taxonomy":"evidenza","embeddable":true,"href":"https:\/\/torino2024.equipes-notre-dame.com\/pt-pt\/wp-json\/wp\/v2\/evidenza?post=6262"},{"taxonomy":"giorno","embeddable":true,"href":"https:\/\/torino2024.equipes-notre-dame.com\/pt-pt\/wp-json\/wp\/v2\/giorno?post=6262"}],"curies":[{"name":"wp","href":"https:\/\/api.w.org\/{rel}","templated":true}]}}